{"id":14172,"date":"2021-05-21T13:42:33","date_gmt":"2021-05-21T13:42:33","guid":{"rendered":"https:\/\/renacimientomarbella.com\/?p=14172"},"modified":"2021-06-21T14:01:18","modified_gmt":"2021-06-21T14:01:18","slug":"como-preparar-la-piel-para-el-verano","status":"publish","type":"post","link":"https:\/\/renacimientomarbella.com\/en\/como-preparar-la-piel-para-el-verano","title":{"rendered":"How to prepare the skin for the summer?"},"content":{"rendered":"<p>Summer is coming, the summer time par excellence, which invites us not only to enjoy our free time but to show off our best looks. For a complete look, nothing better than preparing the skin to look hydrated, luminous, uniform and elastic. Today in this post we will deal with how to prepare our skin so that it looks splendid at this time, with one of the star treatments of the summer and that each year is positioned more strongly for its effectiveness. Ferulic Acid Summer Peeling.<\/p>\n<p>Let&#039;s go by parts, fundamentally the treatments should be aimed at:<\/p>\n<p><strong>Renovate<\/strong> the horny layer of the skin (more superficial), eliminating dead cells, which allows us to convert rough and rough skin (a symptom of dehydrated and dull skin) into skin with a smooth, clean and uniform-looking texture.<\/p>\n<p><strong>Hydrate<\/strong> the skin in depth, as a consequence of cell renewal, an increase in the production of collagen and elastin cells is achieved.<\/p>\n<p><strong>Reinforce it and <\/strong><strong>to protect<\/strong>the to prevent from the harmful effects of the sun.<\/p>\n<p>We can achieve all this with Feulic acid summer peels.<\/p>\n<p>As I already explained in the post ??, depending on the depth to which we go with the peels, they can be superficial, medium and deep. The choice of depth depends in many cases on the results we want to obtain and the quality of the skin we treat. These last 2 peels are always recommended to be carried out after the summer, when we are no longer going to have direct exposure to the sun, as in summer times. From fall to even late spring, if it were mild and not overly sunny.<\/p>\n<p>Summer peels are within the range of superficial peels, which only treat the corneal layer (the most superficial of our skin) and renew it, eliminating dead cells from the stratum corneum in a controlled way, leaving it more luminous, clean, and elastic. and uniform. It has an excellent tolerance, since the peeling is minimal and imperceptible, so the treatment does not separate us from our social life.<\/p>\n<p>If we combine the effects of superficial peeling with the properties of ferulic acid, we have the perfect combination to make an exceptional treatment for the skin.<\/p>\n<ul>\n<li>Ferulic acid is a plant compound with high antioxidant power, which protects the skin from the attacks caused by free radicals, inhibiting and neutralizing their action. Protects cellular DNA, which gives it an anti-cancer effect. Provides skin protection from UVB and UVA rays. It enhances the antioxidant action of vitamins C and E. It prevents premature aging caused by ultraviolet rays, since it stimulates the synthesis of collagen and elastin, inducing intense hydration. It acts on wrinkles, helping to prevent the appearance of expression lines and smoothing existing ones. Firms and improves skin elasticity, keeping it looking younger.<\/li>\n<li>Reduces the accumulation of melanin, reducing and lightening spots, unifying the skin tone. Protects the dermal layer. This acid is capable of creating a protective shield that prevents damage caused by the sun and makes sun filters more effective.<\/li>\n<\/ul>\n<p>This acid can be used for medium peels, increasing the number of layers and sealing the treatment with active ingredients that contain retinoic acid, which remains on the skin for a few hours. These peels would be advisable after the summer, to more deeply alleviate the harmful effects of the sun, producing a more visible peeling, which will last a couple of days but not so scandalous that they separate us from social life. It&#039;s peeling like when you peel after a mild sunburn.<\/p>\n<p>The peeling sessions do not last more than 30 minutes and can be carried out even once a week. Although there is no deep peeling, if we are trying to unify the skin tone, it would be advisable to use a high protection factor, although this should be a constant in our beauty routines throughout the year, regardless of whether you submit to this type of treatment.<\/p>\n<p>I must admit that I am in love with ferulic acid peels, for their safety, their effectiveness and for the high degree of satisfaction it creates in patients and in the professional who uses them.<\/p>","protected":false},"excerpt":{"rendered":"<p>Llega el verano, la \u00e9poca estival por\u00a0 excelencia, que invita no s\u00f3lo a disfrutar de nuestro tiempo libre sino de lucir nuestros mejores looks. Para que un look sea completo, nada mejor que preparar la piel para que luzca hidratada, luminosa, uniforme y el\u00e1stica. Hoy en este post nos ocuparemos de c\u00f3mo preparar nuestra piel [&hellip;]<\/p>","protected":false},"author":1,"featured_media":14173,"comment_status":"open","ping_status":"open","sticky":false,"template":"","format":"standard","meta":{"footnotes":""},"categories":[34],"tags":[51,1764],"acf":[],"yoast_head":"<!-- This site is optimized with the Yoast SEO Premium plugin v21.7 (Yoast SEO v21.9.1) - https:\/\/yoast.com\/wordpress\/plugins\/seo\/ -->\n<title>\u00bfC\u00f3mo preparar la Piel para el verano? - Cl\u00ednica Renacimiento Marbella<\/title>\n<meta name=\"description\" content=\"\u00bfC\u00f3mo preparar la Piel para el verano? - Medicina Est\u00e9tica Escoge la Cl\u00ednica Renacimiento Madrid para tus Tratamientos de Cirug\u00eda y Medicina es\u00e9tica Facial y Corporal.\" \/>\n<meta name=\"robots\" content=\"index, follow, max-snippet:-1, max-image-preview:large, max-video-preview:-1\" \/>\n<link rel=\"canonical\" href=\"https:\/\/renacimientomarbella.com\/en\/como-preparar-la-piel-para-el-verano\/\" \/>\n<meta property=\"og:locale\" content=\"en_GB\" \/>\n<meta property=\"og:type\" content=\"article\" \/>\n<meta property=\"og:title\" content=\"\u00bfC\u00f3mo preparar la Piel para el verano?\" \/>\n<meta property=\"og:description\" content=\"\u00bfC\u00f3mo preparar la Piel para el verano? - Medicina Est\u00e9tica Escoge la Cl\u00ednica Renacimiento Madrid para tus Tratamientos de Cirug\u00eda y Medicina es\u00e9tica Facial y Corporal.\" \/>\n<meta property=\"og:url\" content=\"https:\/\/renacimientomarbella.com\/en\/como-preparar-la-piel-para-el-verano\/\" \/>\n<meta property=\"og:site_name\" content=\"Cl\u00ednica Renacimiento Marbella\" \/>\n<meta property=\"article:publisher\" content=\"https:\/\/www.facebook.com\/Clinica.Renacimiento.Madrid\" \/>\n<meta property=\"article:published_time\" content=\"2021-05-21T13:42:33+00:00\" \/>\n<meta property=\"article:modified_time\" content=\"2021-06-21T14:01:18+00:00\" \/>\n<meta property=\"og:image\" content=\"https:\/\/renacimientomarbella.com\/wp-content\/uploads\/2021\/06\/Disen\u0303o-sin-ti\u0301tulo-9.jpg\" \/>\n\t<meta property=\"og:image:width\" content=\"1000\" \/>\n\t<meta property=\"og:image:height\" content=\"600\" \/>\n\t<meta property=\"og:image:type\" content=\"image\/jpeg\" \/>\n<meta name=\"author\" content=\"Cl\u00ednica Renacimiento Madrid\" \/>\n<meta name=\"twitter:card\" content=\"summary_large_image\" \/>\n<meta name=\"twitter:creator\" content=\"@clinicamadrid\" \/>\n<meta name=\"twitter:site\" content=\"@clinicamadrid\" \/>\n<meta name=\"twitter:label1\" content=\"Written by\" \/>\n\t<meta name=\"twitter:data1\" content=\"Cl\u00ednica Renacimiento Madrid\" \/>\n\t<meta name=\"twitter:label2\" content=\"Estimated reading time\" \/>\n\t<meta name=\"twitter:data2\" content=\"4 minutes\" \/>\n<script type=\"application\/ld+json\" class=\"yoast-schema-graph\">{\"@context\":\"https:\/\/schema.org\",\"@graph\":[{\"@type\":\"Article\",\"@id\":\"https:\/\/renacimientomarbella.com\/como-preparar-la-piel-para-el-verano#article\",\"isPartOf\":{\"@id\":\"https:\/\/renacimientomarbella.com\/como-preparar-la-piel-para-el-verano\"},\"author\":{\"name\":\"Cl\u00ednica Renacimiento Madrid\",\"@id\":\"https:\/\/renacimientomarbella.com\/#\/schema\/person\/9449cece14d0f4891492d44db96724fb\"},\"headline\":\"\u00bfC\u00f3mo preparar la Piel para el verano?\",\"datePublished\":\"2021-05-21T13:42:33+00:00\",\"dateModified\":\"2021-06-21T14:01:18+00:00\",\"mainEntityOfPage\":{\"@id\":\"https:\/\/renacimientomarbella.com\/como-preparar-la-piel-para-el-verano\"},\"wordCount\":783,\"commentCount\":0,\"publisher\":{\"@id\":\"https:\/\/renacimientomarbella.com\/#organization\"},\"keywords\":[\"medicina estetica\",\"PEELING\"],\"articleSection\":[\"Medicina Est\u00e9tica\"],\"inLanguage\":\"en-GB\",\"potentialAction\":[{\"@type\":\"CommentAction\",\"name\":\"Comment\",\"target\":[\"https:\/\/renacimientomarbella.com\/como-preparar-la-piel-para-el-verano#respond\"]}]},{\"@type\":\"WebPage\",\"@id\":\"https:\/\/renacimientomarbella.com\/como-preparar-la-piel-para-el-verano\",\"url\":\"https:\/\/renacimientomarbella.com\/como-preparar-la-piel-para-el-verano\",\"name\":\"\u00bfC\u00f3mo preparar la Piel para el verano? - Cl\u00ednica Renacimiento Marbella\",\"isPartOf\":{\"@id\":\"https:\/\/renacimientomarbella.com\/#website\"},\"datePublished\":\"2021-05-21T13:42:33+00:00\",\"dateModified\":\"2021-06-21T14:01:18+00:00\",\"description\":\"\u00bfC\u00f3mo preparar la Piel para el verano? - Medicina Est\u00e9tica Escoge la Cl\u00ednica Renacimiento Madrid para tus Tratamientos de Cirug\u00eda y Medicina es\u00e9tica Facial y Corporal.\",\"breadcrumb\":{\"@id\":\"https:\/\/renacimientomarbella.com\/como-preparar-la-piel-para-el-verano#breadcrumb\"},\"inLanguage\":\"en-GB\",\"potentialAction\":[{\"@type\":\"ReadAction\",\"target\":[\"https:\/\/renacimientomarbella.com\/como-preparar-la-piel-para-el-verano\"]}]},{\"@type\":\"BreadcrumbList\",\"@id\":\"https:\/\/renacimientomarbella.com\/como-preparar-la-piel-para-el-verano#breadcrumb\",\"itemListElement\":[{\"@type\":\"ListItem\",\"position\":1,\"name\":\"Inicio\",\"item\":\"https:\/\/renacimientomarbella.com\/\"},{\"@type\":\"ListItem\",\"position\":2,\"name\":\"\u00bfC\u00f3mo preparar la Piel para el verano?\"}]},{\"@type\":\"WebSite\",\"@id\":\"https:\/\/renacimientomarbella.com\/#website\",\"url\":\"https:\/\/renacimientomarbella.com\/\",\"name\":\"Cl\u00ednica Renacimiento Marbella\",\"description\":\"Cirug\u00eda y Medicina Est\u00e9tica en Marbella\",\"publisher\":{\"@id\":\"https:\/\/renacimientomarbella.com\/#organization\"},\"potentialAction\":[{\"@type\":\"SearchAction\",\"target\":{\"@type\":\"EntryPoint\",\"urlTemplate\":\"https:\/\/renacimientomarbella.com\/?s={search_term_string}\"},\"query-input\":\"required name=search_term_string\"}],\"inLanguage\":\"en-GB\"},{\"@type\":[\"Organization\",\"Place\",\"MedicalClinic\"],\"@id\":\"https:\/\/renacimientomarbella.com\/#organization\",\"name\":\"Cl\u00ednica Renacimiento Madrid\",\"url\":\"https:\/\/renacimientomarbella.com\/\",\"logo\":{\"@id\":\"https:\/\/renacimientomarbella.com\/como-preparar-la-piel-para-el-verano#local-main-organization-logo\"},\"image\":{\"@id\":\"https:\/\/renacimientomarbella.com\/como-preparar-la-piel-para-el-verano#local-main-organization-logo\"},\"sameAs\":[\"https:\/\/www.facebook.com\/Clinica.Renacimiento.Madrid\",\"https:\/\/twitter.com\/clinicamadrid\",\"https:\/\/www.instagram.com\/clinicarenacimiento\/\",\"https:\/\/www.youtube.com\/channel\/UCGguanjUSJnQ_yQzhVa10Yw\"],\"address\":{\"@id\":\"https:\/\/renacimientomarbella.com\/como-preparar-la-piel-para-el-verano#local-main-place-address\"},\"geo\":{\"@type\":\"GeoCoordinates\",\"latitude\":\"40.424108\",\"longitude\":\"-3.6987307\"},\"telephone\":[\"667597332\",\"915619129\"],\"openingHoursSpecification\":[{\"@type\":\"OpeningHoursSpecification\",\"dayOfWeek\":[\"Monday\",\"Tuesday\",\"Wednesday\",\"Thursday\",\"Friday\"],\"opens\":\"10:00\",\"closes\":\"20:00\"},{\"@type\":\"OpeningHoursSpecification\",\"dayOfWeek\":[\"Saturday\",\"Sunday\"],\"opens\":\"00:00\",\"closes\":\"00:00\"}],\"email\":\"info@renacimientomarbella.com\",\"areaServed\":\"Madrid y Marbella\",\"paymentAccepted\":\"Efectivo, Financiaci\u00f3n, Tarjeta de d\u00e9bito\/cr\u00e9dito, Transferencia bancaria\"},{\"@type\":\"Person\",\"@id\":\"https:\/\/renacimientomarbella.com\/#\/schema\/person\/9449cece14d0f4891492d44db96724fb\",\"name\":\"Cl\u00ednica Renacimiento Madrid\",\"image\":{\"@type\":\"ImageObject\",\"inLanguage\":\"en-GB\",\"@id\":\"https:\/\/renacimientomarbella.com\/#\/schema\/person\/image\/\",\"url\":\"https:\/\/secure.gravatar.com\/avatar\/e5142f7a350fd3617465f54d3693684d?s=96&d=mm&r=g\",\"contentUrl\":\"https:\/\/secure.gravatar.com\/avatar\/e5142f7a350fd3617465f54d3693684d?s=96&d=mm&r=g\",\"caption\":\"Cl\u00ednica Renacimiento Madrid\"},\"sameAs\":[\"https:\/\/renacimientomarbella.com\"],\"url\":\"https:\/\/renacimientomarbella.com\/en\/author\/alvaro\"},{\"@type\":\"PostalAddress\",\"@id\":\"https:\/\/renacimientomarbella.com\/como-preparar-la-piel-para-el-verano#local-main-place-address\",\"streetAddress\":\"Calle Pr\u00edncipe de Vergara 55, 1\u00baC\",\"addressLocality\":\"Madrid\",\"postalCode\":\"28006\",\"addressRegion\":\"Comunidad de Madrid\",\"addressCountry\":\"ES\"},{\"@type\":\"ImageObject\",\"inLanguage\":\"en-GB\",\"@id\":\"https:\/\/renacimientomarbella.com\/como-preparar-la-piel-para-el-verano#local-main-organization-logo\",\"url\":\"https:\/\/renacimientomarbella.com\/wp-content\/uploads\/2020\/05\/Logo-Clinica-Renacimiento-Marbella.png\",\"contentUrl\":\"https:\/\/renacimientomarbella.com\/wp-content\/uploads\/2020\/05\/Logo-Clinica-Renacimiento-Marbella.png\",\"width\":155,\"height\":54,\"caption\":\"Cl\u00ednica Renacimiento Madrid\"}]}<\/script>\n<meta name=\"geo.placename\" content=\"Madrid\" \/>\n<meta name=\"geo.position\" content=\"40.424108;-3.6987307\" \/>\n<meta name=\"geo.region\" content=\"Spain\" \/>\n<!-- \/ Yoast SEO Premium plugin. -->","yoast_head_json":{"title":"\u00bfC\u00f3mo preparar la Piel para el verano? - Cl\u00ednica Renacimiento Marbella","description":"\u00bfC\u00f3mo preparar la Piel para el verano? - Medicina Est\u00e9tica Escoge la Cl\u00ednica Renacimiento Madrid para tus Tratamientos de Cirug\u00eda y Medicina es\u00e9tica Facial y Corporal.","robots":{"index":"index","follow":"follow","max-snippet":"max-snippet:-1","max-image-preview":"max-image-preview:large","max-video-preview":"max-video-preview:-1"},"canonical":"https:\/\/renacimientomarbella.com\/en\/como-preparar-la-piel-para-el-verano\/","og_locale":"en_GB","og_type":"article","og_title":"\u00bfC\u00f3mo preparar la Piel para el verano?","og_description":"\u00bfC\u00f3mo preparar la Piel para el verano? - Medicina Est\u00e9tica Escoge la Cl\u00ednica Renacimiento Madrid para tus Tratamientos de Cirug\u00eda y Medicina es\u00e9tica Facial y Corporal.","og_url":"https:\/\/renacimientomarbella.com\/en\/como-preparar-la-piel-para-el-verano\/","og_site_name":"Cl\u00ednica Renacimiento Marbella","article_publisher":"https:\/\/www.facebook.com\/Clinica.Renacimiento.Madrid","article_published_time":"2021-05-21T13:42:33+00:00","article_modified_time":"2021-06-21T14:01:18+00:00","og_image":[{"width":1000,"height":600,"url":"https:\/\/renacimientomarbella.com\/wp-content\/uploads\/2021\/06\/Disen\u0303o-sin-ti\u0301tulo-9.jpg","type":"image\/jpeg"}],"author":"Cl\u00ednica Renacimiento Madrid","twitter_card":"summary_large_image","twitter_creator":"@clinicamadrid","twitter_site":"@clinicamadrid","twitter_misc":{"Written by":"Cl\u00ednica Renacimiento Madrid","Estimated reading time":"4 minutes"},"schema":{"@context":"https:\/\/schema.org","@graph":[{"@type":"Article","@id":"https:\/\/renacimientomarbella.com\/como-preparar-la-piel-para-el-verano#article","isPartOf":{"@id":"https:\/\/renacimientomarbella.com\/como-preparar-la-piel-para-el-verano"},"author":{"name":"Cl\u00ednica Renacimiento Madrid","@id":"https:\/\/renacimientomarbella.com\/#\/schema\/person\/9449cece14d0f4891492d44db96724fb"},"headline":"\u00bfC\u00f3mo preparar la Piel para el verano?","datePublished":"2021-05-21T13:42:33+00:00","dateModified":"2021-06-21T14:01:18+00:00","mainEntityOfPage":{"@id":"https:\/\/renacimientomarbella.com\/como-preparar-la-piel-para-el-verano"},"wordCount":783,"commentCount":0,"publisher":{"@id":"https:\/\/renacimientomarbella.com\/#organization"},"keywords":["medicina estetica","PEELING"],"articleSection":["Medicina Est\u00e9tica"],"inLanguage":"en-GB","potentialAction":[{"@type":"CommentAction","name":"Comment","target":["https:\/\/renacimientomarbella.com\/como-preparar-la-piel-para-el-verano#respond"]}]},{"@type":"WebPage","@id":"https:\/\/renacimientomarbella.com\/como-preparar-la-piel-para-el-verano","url":"https:\/\/renacimientomarbella.com\/como-preparar-la-piel-para-el-verano","name":"\u00bfC\u00f3mo preparar la Piel para el verano? - Cl\u00ednica Renacimiento Marbella","isPartOf":{"@id":"https:\/\/renacimientomarbella.com\/#website"},"datePublished":"2021-05-21T13:42:33+00:00","dateModified":"2021-06-21T14:01:18+00:00","description":"\u00bfC\u00f3mo preparar la Piel para el verano? - Medicina Est\u00e9tica Escoge la Cl\u00ednica Renacimiento Madrid para tus Tratamientos de Cirug\u00eda y Medicina es\u00e9tica Facial y Corporal.","breadcrumb":{"@id":"https:\/\/renacimientomarbella.com\/como-preparar-la-piel-para-el-verano#breadcrumb"},"inLanguage":"en-GB","potentialAction":[{"@type":"ReadAction","target":["https:\/\/renacimientomarbella.com\/como-preparar-la-piel-para-el-verano"]}]},{"@type":"BreadcrumbList","@id":"https:\/\/renacimientomarbella.com\/como-preparar-la-piel-para-el-verano#breadcrumb","itemListElement":[{"@type":"ListItem","position":1,"name":"Inicio","item":"https:\/\/renacimientomarbella.com\/"},{"@type":"ListItem","position":2,"name":"\u00bfC\u00f3mo preparar la Piel para el verano?"}]},{"@type":"WebSite","@id":"https:\/\/renacimientomarbella.com\/#website","url":"https:\/\/renacimientomarbella.com\/","name":"Cl\u00ednica Renacimiento Marbella","description":"Cirug\u00eda y Medicina Est\u00e9tica en Marbella","publisher":{"@id":"https:\/\/renacimientomarbella.com\/#organization"},"potentialAction":[{"@type":"SearchAction","target":{"@type":"EntryPoint","urlTemplate":"https:\/\/renacimientomarbella.com\/?s={search_term_string}"},"query-input":"required name=search_term_string"}],"inLanguage":"en-GB"},{"@type":["Organization","Place","MedicalClinic"],"@id":"https:\/\/renacimientomarbella.com\/#organization","name":"Cl\u00ednica Renacimiento Madrid","url":"https:\/\/renacimientomarbella.com\/","logo":{"@id":"https:\/\/renacimientomarbella.com\/como-preparar-la-piel-para-el-verano#local-main-organization-logo"},"image":{"@id":"https:\/\/renacimientomarbella.com\/como-preparar-la-piel-para-el-verano#local-main-organization-logo"},"sameAs":["https:\/\/www.facebook.com\/Clinica.Renacimiento.Madrid","https:\/\/twitter.com\/clinicamadrid","https:\/\/www.instagram.com\/clinicarenacimiento\/","https:\/\/www.youtube.com\/channel\/UCGguanjUSJnQ_yQzhVa10Yw"],"address":{"@id":"https:\/\/renacimientomarbella.com\/como-preparar-la-piel-para-el-verano#local-main-place-address"},"geo":{"@type":"GeoCoordinates","latitude":"40.424108","longitude":"-3.6987307"},"telephone":["667597332","915619129"],"openingHoursSpecification":[{"@type":"OpeningHoursSpecification","dayOfWeek":["Monday","Tuesday","Wednesday","Thursday","Friday"],"opens":"10:00","closes":"20:00"},{"@type":"OpeningHoursSpecification","dayOfWeek":["Saturday","Sunday"],"opens":"00:00","closes":"00:00"}],"email":"info@renacimientomarbella.com","areaServed":"Madrid y Marbella","paymentAccepted":"Efectivo, Financiaci\u00f3n, Tarjeta de d\u00e9bito\/cr\u00e9dito, Transferencia bancaria"},{"@type":"Person","@id":"https:\/\/renacimientomarbella.com\/#\/schema\/person\/9449cece14d0f4891492d44db96724fb","name":"Cl\u00ednica Renacimiento Madrid","image":{"@type":"ImageObject","inLanguage":"en-GB","@id":"https:\/\/renacimientomarbella.com\/#\/schema\/person\/image\/","url":"https:\/\/secure.gravatar.com\/avatar\/e5142f7a350fd3617465f54d3693684d?s=96&d=mm&r=g","contentUrl":"https:\/\/secure.gravatar.com\/avatar\/e5142f7a350fd3617465f54d3693684d?s=96&d=mm&r=g","caption":"Cl\u00ednica Renacimiento Madrid"},"sameAs":["https:\/\/renacimientomarbella.com"],"url":"https:\/\/renacimientomarbella.com\/en\/author\/alvaro"},{"@type":"PostalAddress","@id":"https:\/\/renacimientomarbella.com\/como-preparar-la-piel-para-el-verano#local-main-place-address","streetAddress":"Calle Pr\u00edncipe de Vergara 55, 1\u00baC","addressLocality":"Madrid","postalCode":"28006","addressRegion":"Comunidad de Madrid","addressCountry":"ES"},{"@type":"ImageObject","inLanguage":"en-GB","@id":"https:\/\/renacimientomarbella.com\/como-preparar-la-piel-para-el-verano#local-main-organization-logo","url":"https:\/\/renacimientomarbella.com\/wp-content\/uploads\/2020\/05\/Logo-Clinica-Renacimiento-Marbella.png","contentUrl":"https:\/\/renacimientomarbella.com\/wp-content\/uploads\/2020\/05\/Logo-Clinica-Renacimiento-Marbella.png","width":155,"height":54,"caption":"Cl\u00ednica Renacimiento Madrid"}]},"geo.placename":"Madrid","geo.position":{"lat":"40.424108","long":"-3.6987307"},"geo.region":"Spain"},"_links":{"self":[{"href":"https:\/\/renacimientomarbella.com\/en\/wp-json\/wp\/v2\/posts\/14172"}],"collection":[{"href":"https:\/\/renacimientomarbella.com\/en\/wp-json\/wp\/v2\/posts"}],"about":[{"href":"https:\/\/renacimientomarbella.com\/en\/wp-json\/wp\/v2\/types\/post"}],"author":[{"embeddable":true,"href":"https:\/\/renacimientomarbella.com\/en\/wp-json\/wp\/v2\/users\/1"}],"replies":[{"embeddable":true,"href":"https:\/\/renacimientomarbella.com\/en\/wp-json\/wp\/v2\/comments?post=14172"}],"version-history":[{"count":0,"href":"https:\/\/renacimientomarbella.com\/en\/wp-json\/wp\/v2\/posts\/14172\/revisions"}],"wp:featuredmedia":[{"embeddable":true,"href":"https:\/\/renacimientomarbella.com\/en\/wp-json\/wp\/v2\/media\/14173"}],"wp:attachment":[{"href":"https:\/\/renacimientomarbella.com\/en\/wp-json\/wp\/v2\/media?parent=14172"}],"wp:term":[{"taxonomy":"category","embeddable":true,"href":"https:\/\/renacimientomarbella.com\/en\/wp-json\/wp\/v2\/categories?post=14172"},{"taxonomy":"post_tag","embeddable":true,"href":"https:\/\/renacimientomarbella.com\/en\/wp-json\/wp\/v2\/tags?post=14172"}],"curies":[{"name":"wp","href":"https:\/\/api.w.org\/{rel}","templated":true}]}}